{"id":4816,"date":"2017-01-17T15:01:07","date_gmt":"2017-01-17T15:01:07","guid":{"rendered":"http:\/\/lama.fileli.unipi.it\/?p=4816"},"modified":"2017-01-17T15:01:07","modified_gmt":"2017-01-17T15:01:07","slug":"travail-et-esclavage-representations-de-lantiquite","status":"publish","type":"post","link":"https:\/\/lama.fileli.unipi.it\/en\/travail-et-esclavage-representations-de-lantiquite\/","title":{"rendered":"Travail et esclavage: repr\u00e9sentations de l&#8217;Antiquit\u00e9"},"content":{"rendered":"<p style=\"text-align: center;\"><strong>COLLOQUE INTERDISCIPLINAIRE <\/strong><\/p>\n<p style=\"text-align: center;\"><strong>MERCREDI 25 &amp; JEUDI 26 JANVIER 2017 <\/strong><\/p>\n<p style=\"text-align: center;\"><strong>\u2726<\/strong><\/p>\n<p style=\"text-align: center;\">Salle de Conf\u00e9rences MISHA Universit\u00e9 de Strasbourg 5, all\u00e9e du G\u00e9n\u00e9ral Rouvillois<\/p>\n<p style=\"text-align: center;\">Strasbourg Organisation : Franck Fischbach (f.fischbach@unistra.fr) &amp; Anne Merker (amerker@unistra.fr)<\/p>\n<p style=\"text-align: left;\"><a href=\"https:\/\/archimede.unistra.fr\/fileadmin\/upload\/DUN\/archimede\/Agenda\/2017\/2017_01_COLLOQUE.TRAVAIL.ESCLAVAGE.pdf\">Programme<\/a><\/p>\n","protected":false},"excerpt":{"rendered":"<p>COLLOQUE INTERDISCIPLINAIRE MERCREDI 25 &amp; JEUDI 26 JANVIER 2017 \u2726 Salle de Conf\u00e9rences MISHA Universit\u00e9 de Strasbourg 5, all\u00e9e du G\u00e9n\u00e9ral Rouvillois Strasbourg Organisation :&#46;&#46;&#46;<\/p>\n","protected":false},"author":9,"featured_media":0,"comment_status":"closed","ping_status":"open","sticky":false,"template":"","format":"standard","meta":{"footnotes":""},"categories":[9],"tags":[],"class_list":["post-4816","post","type-post","status-publish","format-standard","hentry","category-conferenze"],"translation":{"provider":"WPGlobus","version":"3.0.0","language":"en","enabled_languages":["it","en","fr"],"languages":{"it":{"title":true,"content":true,"excerpt":false},"en":{"title":false,"content":false,"excerpt":false},"fr":{"title":false,"content":false,"excerpt":false}}},"_links":{"self":[{"href":"https:\/\/lama.fileli.unipi.it\/en\/wp-json\/wp\/v2\/posts\/4816","targetHints":{"allow":["GET"]}}],"collection":[{"href":"https:\/\/lama.fileli.unipi.it\/en\/wp-json\/wp\/v2\/posts"}],"about":[{"href":"https:\/\/lama.fileli.unipi.it\/en\/wp-json\/wp\/v2\/types\/post"}],"author":[{"embeddable":true,"href":"https:\/\/lama.fileli.unipi.it\/en\/wp-json\/wp\/v2\/users\/9"}],"replies":[{"embeddable":true,"href":"https:\/\/lama.fileli.unipi.it\/en\/wp-json\/wp\/v2\/comments?post=4816"}],"version-history":[{"count":1,"href":"https:\/\/lama.fileli.unipi.it\/en\/wp-json\/wp\/v2\/posts\/4816\/revisions"}],"predecessor-version":[{"id":4817,"href":"https:\/\/lama.fileli.unipi.it\/en\/wp-json\/wp\/v2\/posts\/4816\/revisions\/4817"}],"wp:attachment":[{"href":"https:\/\/lama.fileli.unipi.it\/en\/wp-json\/wp\/v2\/media?parent=4816"}],"wp:term":[{"taxonomy":"category","embeddable":true,"href":"https:\/\/lama.fileli.unipi.it\/en\/wp-json\/wp\/v2\/categories?post=4816"},{"taxonomy":"post_tag","embeddable":true,"href":"https:\/\/lama.fileli.unipi.it\/en\/wp-json\/wp\/v2\/tags?post=4816"}],"curies":[{"name":"wp","href":"https:\/\/api.w.org\/{rel}","templated":true}]}}