{"id":916,"date":"2012-12-05T18:24:06","date_gmt":"2012-12-05T18:24:06","guid":{"rendered":"http:\/\/lama.fileli.unipi.it\/?p=916"},"modified":"2018-11-26T14:47:46","modified_gmt":"2018-11-26T13:47:46","slug":"leroe-e-il-suo-doppio-uno-studio-linguistico-e-iconologico","status":"publish","type":"post","link":"https:\/\/lama.fileli.unipi.it\/en\/leroe-e-il-suo-doppio-uno-studio-linguistico-e-iconologico\/","title":{"rendered":"L&#8217;eroe e il suo doppio &#8211; Uno studio linguistico e iconologico"},"content":{"rendered":"<p style=\"text-align: justify;\"><strong><a href=\"http:\/\/lama.fileli.unipi.it\/wp-content\/uploads\/2012\/12\/Leroe-e-il-suo-doppio-copertina-001.jpg\"><img loading=\"lazy\" decoding=\"async\" class=\"alignleft size-medium wp-image-1112\" title=\"L'eroe e il suo doppio - copertina\" src=\"http:\/\/lama.fileli.unipi.it\/wp-content\/uploads\/2012\/12\/Leroe-e-il-suo-doppio-copertina-001-205x300.jpg\" alt=\"\" width=\"205\" height=\"300\" srcset=\"https:\/\/lama.fileli.unipi.it\/wp-content\/uploads\/2012\/12\/Leroe-e-il-suo-doppio-copertina-001-205x300.jpg 205w, https:\/\/lama.fileli.unipi.it\/wp-content\/uploads\/2012\/12\/Leroe-e-il-suo-doppio-copertina-001.jpg 438w\" sizes=\"auto, (max-width: 205px) 100vw, 205px\" \/><\/a>Autore:<\/strong>\u00a0Ilaria Sforza<\/p>\n<p style=\"text-align: justify;\"><strong>Introduzione di:<\/strong>\u00a0Fran\u00e7ois Lissarrague<\/p>\n<p style=\"text-align: justify;\">&#8220;L&#8217;eroe e il suo doppio&#8221; \u00e8 un&#8217;indagine sulla nozione di doppio presso i Greci di et\u00e0 arcaica e classica. Molti popoli della terra si sono confrontati, in epoche e in luoghi diversi, ciascuno secondo proprie modalit\u00e0 e con esiti differenziati, con la vita e con la morte, con il fatto di avere arti doppi, con l&#8217;alternarsi del giorno e della notte. Alcuni di questi popoli hanno organizzato il loro pensiero, i loro d\u00e8i e persino il loro linguaggio in conformit\u00e0 con queste dicotomie. In questo libro la ricerca \u00e8 condotta, in parallelo, sui versanti linguistico e iconologico. Dall&#8217;esame di alcuni casi di dualit\u00e0 complementare nell&#8217;epica omerica, l&#8217;indagine si estende alle conseguenze dell&#8217;opposizione tra identici, eroi e fratelli, a partire dall&#8217;epica greca arcaica fino alle tragedie di et\u00e0 classica. Come sottolinea nella sua prefazione Fran\u00e7ois Lissarrague, porre la questione linguistica dell&#8217;uso del duale nei poemi omerici significa interrogarsi su nozioni antropologiche che vanno al di l\u00e0 dei problemi di morfologia verbale: l&#8217;identit\u00e0, il doppio, la gemellarit\u00e0 e le relazioni di complementarit\u00e0 definiscono la persona nel suo rapporto con l'&#8221;altro&#8221; pi\u00f9 vicino, il gemello, il fratello o il nemico.<\/p>\n<p><strong>Numero Collana:<\/strong>\u00a05 <strong>Pagine:<\/strong>\u00a0212, ill. <strong>Anno:<\/strong>\u00a02007 <strong>ISBN:<\/strong>\u00a0978-884671780-1 <strong>Formato:<\/strong>\u00a0cm.22,5&#215;15,5 <a href=\"http:\/\/lama.fileli.unipi.it\/wp-content\/uploads\/2012\/12\/leroe-e-il-suo-doppio-indice.pdf\">Indice<\/a><\/p>\n","protected":false},"excerpt":{"rendered":"<p>Autore:\u00a0Ilaria Sforza Introduzione di:\u00a0Fran\u00e7ois Lissarrague &#8220;L&#8217;eroe e il suo doppio&#8221; \u00e8 un&#8217;indagine sulla nozione di doppio presso i Greci di et\u00e0 arcaica e classica. Molti&#46;&#46;&#46;<\/p>\n","protected":false},"author":1,"featured_media":1112,"comment_status":"closed","ping_status":"open","sticky":false,"template":"","format":"standard","meta":{"footnotes":""},"categories":[23,225],"tags":[],"class_list":["post-916","post","type-post","status-publish","format-standard","has-post-thumbnail","hentry","category-biblioteca","category-anthropoi"],"translation":{"provider":"WPGlobus","version":"3.0.0","language":"en","enabled_languages":["it","en","fr"],"languages":{"it":{"title":true,"content":true,"excerpt":false},"en":{"title":false,"content":false,"excerpt":false},"fr":{"title":false,"content":false,"excerpt":false}}},"_links":{"self":[{"href":"https:\/\/lama.fileli.unipi.it\/en\/wp-json\/wp\/v2\/posts\/916","targetHints":{"allow":["GET"]}}],"collection":[{"href":"https:\/\/lama.fileli.unipi.it\/en\/wp-json\/wp\/v2\/posts"}],"about":[{"href":"https:\/\/lama.fileli.unipi.it\/en\/wp-json\/wp\/v2\/types\/post"}],"author":[{"embeddable":true,"href":"https:\/\/lama.fileli.unipi.it\/en\/wp-json\/wp\/v2\/users\/1"}],"replies":[{"embeddable":true,"href":"https:\/\/lama.fileli.unipi.it\/en\/wp-json\/wp\/v2\/comments?post=916"}],"version-history":[{"count":20,"href":"https:\/\/lama.fileli.unipi.it\/en\/wp-json\/wp\/v2\/posts\/916\/revisions"}],"predecessor-version":[{"id":3672,"href":"https:\/\/lama.fileli.unipi.it\/en\/wp-json\/wp\/v2\/posts\/916\/revisions\/3672"}],"wp:featuredmedia":[{"embeddable":true,"href":"https:\/\/lama.fileli.unipi.it\/en\/wp-json\/wp\/v2\/media\/1112"}],"wp:attachment":[{"href":"https:\/\/lama.fileli.unipi.it\/en\/wp-json\/wp\/v2\/media?parent=916"}],"wp:term":[{"taxonomy":"category","embeddable":true,"href":"https:\/\/lama.fileli.unipi.it\/en\/wp-json\/wp\/v2\/categories?post=916"},{"taxonomy":"post_tag","embeddable":true,"href":"https:\/\/lama.fileli.unipi.it\/en\/wp-json\/wp\/v2\/tags?post=916"}],"curies":[{"name":"wp","href":"https:\/\/api.w.org\/{rel}","templated":true}]}}