{"id":3426,"date":"2015-01-20T14:19:38","date_gmt":"2015-01-20T14:19:38","guid":{"rendered":"http:\/\/lama.fileli.unipi.it\/?p=3426"},"modified":"2015-01-20T18:58:07","modified_gmt":"2015-01-20T18:58:07","slug":"la-tragedie-grecque-comme-expression-de-la-pensee-sociale","status":"publish","type":"post","link":"https:\/\/lama.fileli.unipi.it\/fr\/la-tragedie-grecque-comme-expression-de-la-pensee-sociale\/","title":{"rendered":"La trag\u00e9die grecque comme expression de la pens\u00e9e sociale"},"content":{"rendered":"<p>Andrea Taddei &#8211; La trag\u00e9die grecque comme expression de la pens\u00e9e sociale<\/p>\n<p>Lundi 26 janvier de 13h \u00e0 15h, salle Alphonse-Dupront, EHESS<br \/>\n(10 rue Monsieur-le-Prince 75006 Paris)<br \/>\ndans le cadre du s\u00e9minaire de Yann Rivi\u00e8re.<\/p>\n<p><a href=\"http:\/\/lama.fileli.unipi.it\/wp-content\/uploads\/2015\/01\/grecs-sans-miracle1.jpg\"><img loading=\"lazy\" decoding=\"async\" src=\"http:\/\/lama.fileli.unipi.it\/wp-content\/uploads\/2015\/01\/grecs-sans-miracle1-189x300.jpg\" alt=\"grecs sans miracle\" width=\"189\" height=\"300\" class=\"aligncenter size-medium wp-image-3437\" srcset=\"https:\/\/lama.fileli.unipi.it\/wp-content\/uploads\/2015\/01\/grecs-sans-miracle1-189x300.jpg 189w, https:\/\/lama.fileli.unipi.it\/wp-content\/uploads\/2015\/01\/grecs-sans-miracle1-768x1222.jpg 768w, https:\/\/lama.fileli.unipi.it\/wp-content\/uploads\/2015\/01\/grecs-sans-miracle1-644x1024.jpg 644w, https:\/\/lama.fileli.unipi.it\/wp-content\/uploads\/2015\/01\/grecs-sans-miracle1.jpg 1602w\" sizes=\"auto, (max-width: 189px) 100vw, 189px\" \/><\/a><\/p>\n","protected":false},"excerpt":{"rendered":"<p>Andrea Taddei &#8211; La trag\u00e9die grecque comme expression de la pens\u00e9e sociale Lundi 26 janvier de 13h \u00e0 15h, salle Alphonse-Dupront, EHESS (10 rue Monsieur-le-Prince&#46;&#46;&#46;<\/p>\n","protected":false},"author":4,"featured_media":3429,"comment_status":"closed","ping_status":"open","sticky":false,"template":"","format":"standard","meta":{"footnotes":""},"categories":[9,12],"tags":[45,49,91,40,119],"class_list":["post-3426","post","type-post","status-publish","format-standard","has-post-thumbnail","hentry","category-conferenze","category-news","tag-andrea-taddei","tag-louis-gernet","tag-centre-anhima","tag-tragedia","tag-tragedie-grecque"],"translation":{"provider":"WPGlobus","version":"3.0.0","language":"fr","enabled_languages":["it","en","fr"],"languages":{"it":{"title":true,"content":true,"excerpt":false},"en":{"title":false,"content":false,"excerpt":false},"fr":{"title":false,"content":false,"excerpt":false}}},"_links":{"self":[{"href":"https:\/\/lama.fileli.unipi.it\/fr\/wp-json\/wp\/v2\/posts\/3426","targetHints":{"allow":["GET"]}}],"collection":[{"href":"https:\/\/lama.fileli.unipi.it\/fr\/wp-json\/wp\/v2\/posts"}],"about":[{"href":"https:\/\/lama.fileli.unipi.it\/fr\/wp-json\/wp\/v2\/types\/post"}],"author":[{"embeddable":true,"href":"https:\/\/lama.fileli.unipi.it\/fr\/wp-json\/wp\/v2\/users\/4"}],"replies":[{"embeddable":true,"href":"https:\/\/lama.fileli.unipi.it\/fr\/wp-json\/wp\/v2\/comments?post=3426"}],"version-history":[{"count":5,"href":"https:\/\/lama.fileli.unipi.it\/fr\/wp-json\/wp\/v2\/posts\/3426\/revisions"}],"predecessor-version":[{"id":3445,"href":"https:\/\/lama.fileli.unipi.it\/fr\/wp-json\/wp\/v2\/posts\/3426\/revisions\/3445"}],"wp:featuredmedia":[{"embeddable":true,"href":"https:\/\/lama.fileli.unipi.it\/fr\/wp-json\/wp\/v2\/media\/3429"}],"wp:attachment":[{"href":"https:\/\/lama.fileli.unipi.it\/fr\/wp-json\/wp\/v2\/media?parent=3426"}],"wp:term":[{"taxonomy":"category","embeddable":true,"href":"https:\/\/lama.fileli.unipi.it\/fr\/wp-json\/wp\/v2\/categories?post=3426"},{"taxonomy":"post_tag","embeddable":true,"href":"https:\/\/lama.fileli.unipi.it\/fr\/wp-json\/wp\/v2\/tags?post=3426"}],"curies":[{"name":"wp","href":"https:\/\/api.w.org\/{rel}","templated":true}]}}