{"id":3789,"date":"2015-10-07T09:14:53","date_gmt":"2015-10-07T09:14:53","guid":{"rendered":"http:\/\/lama.fileli.unipi.it\/?p=3789"},"modified":"2015-10-07T09:14:53","modified_gmt":"2015-10-07T09:14:53","slug":"riccardo-di-donato-la-force-des-ancetres-marc-bloch-louis-gernet-marcel-granet","status":"publish","type":"post","link":"https:\/\/lama.fileli.unipi.it\/fr\/riccardo-di-donato-la-force-des-ancetres-marc-bloch-louis-gernet-marcel-granet\/","title":{"rendered":"Riccardo Di Donato, La force des anc\u00eatres : Marc Bloch, Louis Gernet, Marcel Granet"},"content":{"rendered":"<p><span style=\"font-size: 18pt;\">Riccardo Di Donato, <em>La force des anc\u00eatres : Marc Bloch, Louis Gernet, Marcel Granet<\/em><\/span><\/p>\n<p><strong>AUTOUR DE JACQUES LE GOFF ET JEAN-PIERRE VERNANT<\/strong><\/p>\n<p>L\u2019ANTHROPOLOGIE HISTORIQUE : INVENTIONS ET USAGES<\/p>\n<p><a href=\"http:\/\/40ans.ehess.fr\/2014\/09\/01\/autour-de-jacques-le-goff-et-jean-pierre-vernant\/\">40ans EHESS<\/a><\/p>\n<p>15 &#8211; 16 octobre 2015<\/p>\n<p>Paris<\/p>\n<p>Amphith\u00e9\u00e2tre Fran\u00e7ois Furet (15 octobre) et Salles 7-8 (16 octobre) 105, bd Raspail \u2013 75006 Paris<\/p>\n<p><a href=\"http:\/\/lama.fileli.unipi.it\/wp-content\/uploads\/2015\/10\/Programme-Autour-de-Le-Goff-et-Vernant-mod\u00e8le1.pdf\">Programme-Autour-de-Le-Goff-et-Vernant<\/a><\/p>\n","protected":false},"excerpt":{"rendered":"<p>Riccardo Di Donato, La force des anc\u00eatres : Marc Bloch, Louis Gernet, Marcel Granet AUTOUR DE JACQUES LE GOFF ET JEAN-PIERRE VERNANT L\u2019ANTHROPOLOGIE HISTORIQUE :&#46;&#46;&#46;<\/p>\n","protected":false},"author":4,"featured_media":3791,"comment_status":"closed","ping_status":"open","sticky":false,"template":"","format":"standard","meta":{"footnotes":""},"categories":[9,12],"tags":[49,161,162,16,163,118,159,50],"class_list":["post-3789","post","type-post","status-publish","format-standard","has-post-thumbnail","hentry","category-conferenze","category-news","tag-louis-gernet","tag-marc-bloch","tag-marcel-granet","tag-riccardo-di-donato","tag-40-ans-ehess","tag-ehess","tag-jacques-le-goff","tag-jean-pierre-vernant"],"translation":{"provider":"WPGlobus","version":"3.0.2","language":"fr","enabled_languages":["it","en","fr"],"languages":{"it":{"title":true,"content":true,"excerpt":false},"en":{"title":false,"content":true,"excerpt":false},"fr":{"title":false,"content":true,"excerpt":false}}},"_links":{"self":[{"href":"https:\/\/lama.fileli.unipi.it\/fr\/wp-json\/wp\/v2\/posts\/3789","targetHints":{"allow":["GET"]}}],"collection":[{"href":"https:\/\/lama.fileli.unipi.it\/fr\/wp-json\/wp\/v2\/posts"}],"about":[{"href":"https:\/\/lama.fileli.unipi.it\/fr\/wp-json\/wp\/v2\/types\/post"}],"author":[{"embeddable":true,"href":"https:\/\/lama.fileli.unipi.it\/fr\/wp-json\/wp\/v2\/users\/4"}],"replies":[{"embeddable":true,"href":"https:\/\/lama.fileli.unipi.it\/fr\/wp-json\/wp\/v2\/comments?post=3789"}],"version-history":[{"count":1,"href":"https:\/\/lama.fileli.unipi.it\/fr\/wp-json\/wp\/v2\/posts\/3789\/revisions"}],"predecessor-version":[{"id":3792,"href":"https:\/\/lama.fileli.unipi.it\/fr\/wp-json\/wp\/v2\/posts\/3789\/revisions\/3792"}],"wp:featuredmedia":[{"embeddable":true,"href":"https:\/\/lama.fileli.unipi.it\/fr\/wp-json\/wp\/v2\/media\/3791"}],"wp:attachment":[{"href":"https:\/\/lama.fileli.unipi.it\/fr\/wp-json\/wp\/v2\/media?parent=3789"}],"wp:term":[{"taxonomy":"category","embeddable":true,"href":"https:\/\/lama.fileli.unipi.it\/fr\/wp-json\/wp\/v2\/categories?post=3789"},{"taxonomy":"post_tag","embeddable":true,"href":"https:\/\/lama.fileli.unipi.it\/fr\/wp-json\/wp\/v2\/tags?post=3789"}],"curies":[{"name":"wp","href":"https:\/\/api.w.org\/{rel}","templated":true}]}}